{"id":19,"date":"2009-10-12T16:03:59","date_gmt":"2009-10-12T14:03:59","guid":{"rendered":"http:\/\/chorvatsko.ubytovanivchorvatsku.cz\/fotky\/?p=19"},"modified":"2009-10-22T23:02:46","modified_gmt":"2009-10-22T21:02:46","slug":"dubrovnik-vyhled-na-stare-mesto","status":"publish","type":"post","link":"https:\/\/chorvatsko.ubytovanivchorvatsku.cz\/fotky\/?p=19","title":{"rendered":"Dubrovn\u00edk a v\u00fdhled na star\u00e9 m\u011bsto"},"content":{"rendered":"<p><a href=\"http:\/\/www.ubytovanivchorvatsku.cz\/dubrovnik\">Dubrovn\u00edk<\/a> se nach\u00e1z\u00ed v nejji\u017en\u011bj\u0161\u00ed \u010d\u00e1sti <a href=\"http:\/\/www.chorvatska.cz\">Chorvatska<\/a>, v ji\u017en\u00ed Dalm\u00e1cii, rozkl\u00e1d\u00e1 se na pob\u0159e\u017en\u00edm v\u00fdb\u011b\u017eku pod \u00fapat\u00edm hory Srdj vysok\u00e9 412 m.<\/p>\n","protected":false},"excerpt":{"rendered":"<p>Dubrovn\u00edk se nach\u00e1z\u00ed v nejji\u017en\u011bj\u0161\u00ed \u010d\u00e1sti Chorvatska, v ji\u017en\u00ed Dalm\u00e1cii, rozkl\u00e1d\u00e1 se na pob\u0159e\u017en\u00edm v\u00fdb\u011b\u017eku pod \u00fapat\u00edm hory Srdj vysok\u00e9 412 m.<\/p>\n","protected":false},"author":1,"featured_media":0,"comment_status":"open","ping_status":"open","sticky":false,"template":"","format":"standard","meta":{"footnotes":""},"categories":[5,3],"tags":[],"class_list":["post-19","post","type-post","status-publish","format-standard","hentry","category-mesta-chorvatska","category-vsechny"],"_links":{"self":[{"href":"https:\/\/chorvatsko.ubytovanivchorvatsku.cz\/fotky\/index.php?rest_route=\/wp\/v2\/posts\/19","targetHints":{"allow":["GET"]}}],"collection":[{"href":"https:\/\/chorvatsko.ubytovanivchorvatsku.cz\/fotky\/index.php?rest_route=\/wp\/v2\/posts"}],"about":[{"href":"https:\/\/chorvatsko.ubytovanivchorvatsku.cz\/fotky\/index.php?rest_route=\/wp\/v2\/types\/post"}],"author":[{"embeddable":true,"href":"https:\/\/chorvatsko.ubytovanivchorvatsku.cz\/fotky\/index.php?rest_route=\/wp\/v2\/users\/1"}],"replies":[{"embeddable":true,"href":"https:\/\/chorvatsko.ubytovanivchorvatsku.cz\/fotky\/index.php?rest_route=%2Fwp%2Fv2%2Fcomments&post=19"}],"version-history":[{"count":2,"href":"https:\/\/chorvatsko.ubytovanivchorvatsku.cz\/fotky\/index.php?rest_route=\/wp\/v2\/posts\/19\/revisions"}],"predecessor-version":[{"id":138,"href":"https:\/\/chorvatsko.ubytovanivchorvatsku.cz\/fotky\/index.php?rest_route=\/wp\/v2\/posts\/19\/revisions\/138"}],"wp:attachment":[{"href":"https:\/\/chorvatsko.ubytovanivchorvatsku.cz\/fotky\/index.php?rest_route=%2Fwp%2Fv2%2Fmedia&parent=19"}],"wp:term":[{"taxonomy":"category","embeddable":true,"href":"https:\/\/chorvatsko.ubytovanivchorvatsku.cz\/fotky\/index.php?rest_route=%2Fwp%2Fv2%2Fcategories&post=19"},{"taxonomy":"post_tag","embeddable":true,"href":"https:\/\/chorvatsko.ubytovanivchorvatsku.cz\/fotky\/index.php?rest_route=%2Fwp%2Fv2%2Ftags&post=19"}],"curies":[{"name":"wp","href":"https:\/\/api.w.org\/{rel}","templated":true}]}}