{"id":21,"date":"2009-10-12T16:06:48","date_gmt":"2009-10-12T14:06:48","guid":{"rendered":"http:\/\/chorvatsko.ubytovanivchorvatsku.cz\/fotky\/?p=21"},"modified":"2009-10-22T23:02:05","modified_gmt":"2009-10-22T21:02:05","slug":"dubrovnik-kamenne-hradby","status":"publish","type":"post","link":"https:\/\/chorvatsko.ubytovanivchorvatsku.cz\/fotky\/?p=21","title":{"rendered":"Dubrovnik kamenn\u00e9 hradby"},"content":{"rendered":"<p>Centrem m\u011bsta <a href=\"http:\/\/www.ubytovanivchorvatsku.cz\/dubrovnik\">Dubrovn\u00edk<\/a> je &#8222;Star\u00e9 m\u011bsto&#8220; obehnan\u00e9 bezm\u00e1la dvoukilometrov\u00fdmi hradbami z 8. a\u017e 17. stolet\u00ed. Fortifika\u010dn\u00ed syst\u00e9m s obrann\u00fdmi v\u011b\u017eemi a n\u011bkolika pevnostmi je patrn\u011b nejzn\u00e1m\u011bj\u0161\u00ed dubrovnickou pam\u00e1tkou. Kdysi br\u00e1nil m\u011bsto p\u0159ed nep\u0159\u00e1teli, dnes p\u0159in\u00e1\u0161\u00ed nemal\u00e9 zisky d\u00edky vysok\u00e9mu vstupn\u00e9mu (dosp\u011bl\u00ed 50 kun).<\/p>\n","protected":false},"excerpt":{"rendered":"<p>Centrem m\u011bsta Dubrovn\u00edk je &#8222;Star\u00e9 m\u011bsto&#8220; obehnan\u00e9 bezm\u00e1la dvoukilometrov\u00fdmi hradbami z 8. a\u017e 17. stolet\u00ed. Fortifika\u010dn\u00ed syst\u00e9m s obrann\u00fdmi v\u011b\u017eemi a n\u011bkolika pevnostmi je patrn\u011b nejzn\u00e1m\u011bj\u0161\u00ed dubrovnickou pam\u00e1tkou. Kdysi br\u00e1nil m\u011bsto p\u0159ed nep\u0159\u00e1teli, dnes p\u0159in\u00e1\u0161\u00ed nemal\u00e9 zisky d\u00edky vysok\u00e9mu vstupn\u00e9mu (dosp\u011bl\u00ed 50 kun).<\/p>\n","protected":false},"author":1,"featured_media":0,"comment_status":"open","ping_status":"open","sticky":false,"template":"","format":"standard","meta":{"footnotes":""},"categories":[5,3],"tags":[],"class_list":["post-21","post","type-post","status-publish","format-standard","hentry","category-mesta-chorvatska","category-vsechny"],"_links":{"self":[{"href":"https:\/\/chorvatsko.ubytovanivchorvatsku.cz\/fotky\/index.php?rest_route=\/wp\/v2\/posts\/21","targetHints":{"allow":["GET"]}}],"collection":[{"href":"https:\/\/chorvatsko.ubytovanivchorvatsku.cz\/fotky\/index.php?rest_route=\/wp\/v2\/posts"}],"about":[{"href":"https:\/\/chorvatsko.ubytovanivchorvatsku.cz\/fotky\/index.php?rest_route=\/wp\/v2\/types\/post"}],"author":[{"embeddable":true,"href":"https:\/\/chorvatsko.ubytovanivchorvatsku.cz\/fotky\/index.php?rest_route=\/wp\/v2\/users\/1"}],"replies":[{"embeddable":true,"href":"https:\/\/chorvatsko.ubytovanivchorvatsku.cz\/fotky\/index.php?rest_route=%2Fwp%2Fv2%2Fcomments&post=21"}],"version-history":[{"count":4,"href":"https:\/\/chorvatsko.ubytovanivchorvatsku.cz\/fotky\/index.php?rest_route=\/wp\/v2\/posts\/21\/revisions"}],"predecessor-version":[{"id":137,"href":"https:\/\/chorvatsko.ubytovanivchorvatsku.cz\/fotky\/index.php?rest_route=\/wp\/v2\/posts\/21\/revisions\/137"}],"wp:attachment":[{"href":"https:\/\/chorvatsko.ubytovanivchorvatsku.cz\/fotky\/index.php?rest_route=%2Fwp%2Fv2%2Fmedia&parent=21"}],"wp:term":[{"taxonomy":"category","embeddable":true,"href":"https:\/\/chorvatsko.ubytovanivchorvatsku.cz\/fotky\/index.php?rest_route=%2Fwp%2Fv2%2Fcategories&post=21"},{"taxonomy":"post_tag","embeddable":true,"href":"https:\/\/chorvatsko.ubytovanivchorvatsku.cz\/fotky\/index.php?rest_route=%2Fwp%2Fv2%2Ftags&post=21"}],"curies":[{"name":"wp","href":"https:\/\/api.w.org\/{rel}","templated":true}]}}