{"id":43,"date":"2009-10-12T21:19:55","date_gmt":"2009-10-12T19:19:55","guid":{"rendered":"http:\/\/chorvatsko.ubytovanivchorvatsku.cz\/fotky\/?p=43"},"modified":"2009-10-22T22:58:21","modified_gmt":"2009-10-22T20:58:21","slug":"trogir-2","status":"publish","type":"post","link":"https:\/\/chorvatsko.ubytovanivchorvatsku.cz\/fotky\/?p=43","title":{"rendered":"Trogir"},"content":{"rendered":"<p>Za\u017eijte kouzeln\u00e9 proch\u00e1zky <a href=\"http:\/\/www.ubytovanivchorvatsku.cz\/trogir\">Trogirem<\/a>. \u00dazk\u00e9 uli\u010dky stejn\u011b jako n\u00e1m\u011bst\u00ed b\u00fdvaj\u00ed b\u011bhem Letn\u00edho trogirsk\u00e9ho festivalu pln\u00e9 lid\u00ed, kte\u0159\u00ed si u\u017e\u00edvaj\u00ed koncert\u016f, lidov\u00fdch tanc\u016f, nebo jazzov\u00fdch ve\u010der\u016f a\u017e do r\u00e1na.<\/p>\n","protected":false},"excerpt":{"rendered":"<p>Za\u017eijte kouzeln\u00e9 proch\u00e1zky Trogirem. \u00dazk\u00e9 uli\u010dky stejn\u011b jako n\u00e1m\u011bst\u00ed b\u00fdvaj\u00ed b\u011bhem Letn\u00edho trogirsk\u00e9ho festivalu pln\u00e9 lid\u00ed, kte\u0159\u00ed si u\u017e\u00edvaj\u00ed koncert\u016f, lidov\u00fdch tanc\u016f, nebo jazzov\u00fdch ve\u010der\u016f a\u017e do r\u00e1na.<\/p>\n","protected":false},"author":1,"featured_media":0,"comment_status":"open","ping_status":"open","sticky":false,"template":"","format":"standard","meta":{"footnotes":""},"categories":[5,3],"tags":[],"class_list":["post-43","post","type-post","status-publish","format-standard","hentry","category-mesta-chorvatska","category-vsechny"],"_links":{"self":[{"href":"https:\/\/chorvatsko.ubytovanivchorvatsku.cz\/fotky\/index.php?rest_route=\/wp\/v2\/posts\/43","targetHints":{"allow":["GET"]}}],"collection":[{"href":"https:\/\/chorvatsko.ubytovanivchorvatsku.cz\/fotky\/index.php?rest_route=\/wp\/v2\/posts"}],"about":[{"href":"https:\/\/chorvatsko.ubytovanivchorvatsku.cz\/fotky\/index.php?rest_route=\/wp\/v2\/types\/post"}],"author":[{"embeddable":true,"href":"https:\/\/chorvatsko.ubytovanivchorvatsku.cz\/fotky\/index.php?rest_route=\/wp\/v2\/users\/1"}],"replies":[{"embeddable":true,"href":"https:\/\/chorvatsko.ubytovanivchorvatsku.cz\/fotky\/index.php?rest_route=%2Fwp%2Fv2%2Fcomments&post=43"}],"version-history":[{"count":3,"href":"https:\/\/chorvatsko.ubytovanivchorvatsku.cz\/fotky\/index.php?rest_route=\/wp\/v2\/posts\/43\/revisions"}],"predecessor-version":[{"id":128,"href":"https:\/\/chorvatsko.ubytovanivchorvatsku.cz\/fotky\/index.php?rest_route=\/wp\/v2\/posts\/43\/revisions\/128"}],"wp:attachment":[{"href":"https:\/\/chorvatsko.ubytovanivchorvatsku.cz\/fotky\/index.php?rest_route=%2Fwp%2Fv2%2Fmedia&parent=43"}],"wp:term":[{"taxonomy":"category","embeddable":true,"href":"https:\/\/chorvatsko.ubytovanivchorvatsku.cz\/fotky\/index.php?rest_route=%2Fwp%2Fv2%2Fcategories&post=43"},{"taxonomy":"post_tag","embeddable":true,"href":"https:\/\/chorvatsko.ubytovanivchorvatsku.cz\/fotky\/index.php?rest_route=%2Fwp%2Fv2%2Ftags&post=43"}],"curies":[{"name":"wp","href":"https:\/\/api.w.org\/{rel}","templated":true}]}}